{"id":3028,"date":"2024-02-06T11:22:49","date_gmt":"2024-02-06T10:22:49","guid":{"rendered":"https:\/\/feimem.web.uah.es\/?p=3028"},"modified":"2025-11-04T18:51:45","modified_gmt":"2025-11-04T17:51:45","slug":"segunda-jornada-feimem","status":"publish","type":"post","link":"https:\/\/feimem.web.uah.es\/index.php\/2024\/02\/06\/segunda-jornada-feimem\/","title":{"rendered":"Segunda Jornada FEIMEM"},"content":{"rendered":"\n<p><strong>Segunda jornada de la Formaci\u00f3n e Investigaci\u00f3n para Mujeres Migrantes Hablantes de Lenguas de Menor Difusi\u00f3n (FEIMEM): Enfoque especial en mujeres ucranianas y afganas<\/strong>.<br><br><\/p>\n\n\n\n<p> FEIMEM como proyecto para la \u00abFormaci\u00f3n e Investigaci\u00f3n para Mujeres Migrantes Hablantes de Lenguas de Menor Difusi\u00f3n\u00bb avanza en su segunda jornada con una atenci\u00f3n enfocada en las mujeres ucranianas y afganas. El evento, que se llevar\u00e1 a cabo el pr\u00f3ximo 21 de febrero, se presenta como una oportunidad crucial para abordar temas clave en la integraci\u00f3n y comunicaci\u00f3n intercultural.<br><br><\/p>\n\n\n\n<p>Para las mujeres ucranianas, se ofrecer\u00e1 una ponencia titulada por Almudena Nevado titulada \u00abLa comunicaci\u00f3n con la poblaci\u00f3n migrante en el \u00e1mbito de la salud materno-infantil\u00bb. Esta sesi\u00f3n ser\u00e1 seguida por un taller dirigido por la directora de estudios del centro cultural \u00abDyvosvit\u00bb, que brindar\u00e1 herramientas pr\u00e1cticas y orientaci\u00f3n sobre este tema fundamental.<br><br><\/p>\n\n\n\n<p>Por otro lado, el programa orientado a las mujeres afganas destacar\u00e1 la ponencia \u00abRetos de la comunicaci\u00f3n intercultural\u00bb de Silvia Damianova, que explorar\u00e1 las dificultades y estrategias para una comunicaci\u00f3n efectiva en contextos culturales diversos. Este segmento tambi\u00e9n incluir\u00e1 un taller conducido por la reconocida traductora e int\u00e9rprete Roya Daliri, ofreciendo una perspectiva valiosa desde su experiencia en la traducci\u00f3n y la interculturalidad.<br><br><\/p>\n\n\n\n<p>La cita est\u00e1 programada en la Sala de Conferencias Internacionales del Edificio Rectorado en la Universidad de Alcal\u00e1, comenzando a las 12:30 del mediod\u00eda y extendi\u00e9ndose hasta las 14:30 horas.<br><br>Aquellos interesados en participar de manera presencial pueden registrarse a trav\u00e9s del siguiente enlace: <a href=\"https:\/\/feimem.web.uah.es\/index.php\/inscripcion\/\">Inscripci\u00f3n gratuita<\/a>. Adem\u00e1s, se brindar\u00e1 la opci\u00f3n de unirse virtualmente a trav\u00e9s de Zoom, tambi\u00e9n mediante inscripci\u00f3n previa.<br><br><\/p>\n\n\n\n<p>FEIMEM se posiciona como un espacio de encuentro y aprendizaje, comprometido con la promoci\u00f3n de la igualdad y la integraci\u00f3n efectiva de las mujeres migrantes en la sociedad. Este segundo d\u00eda de actividades promete ser una oportunidad enriquecedora para todas aquellas interesadas en abordar estos importantes temas.<br><br><\/p>\n","protected":false},"excerpt":{"rendered":"<p>Segunda jornada de la Formaci\u00f3n e Investigaci\u00f3n para Mujeres Migrantes Hablantes de Lenguas de Menor Difusi\u00f3n (FEIMEM): Enfoque especial en mujeres ucranianas y afganas. FEIMEM como proyecto para la \u00abFormaci\u00f3n e Investigaci\u00f3n para Mujeres Migrantes Hablantes de Lenguas de Menor Difusi\u00f3n\u00bb avanza en su segunda jornada con una atenci\u00f3n enfocada en las mujeres ucranianas y [&hellip;]<\/p>\n","protected":false},"author":1,"featured_media":3042,"comment_status":"closed","ping_status":"open","sticky":false,"template":"","format":"standard","meta":{"_monsterinsights_skip_tracking":false,"_monsterinsights_sitenote_active":false,"_monsterinsights_sitenote_note":"","_monsterinsights_sitenote_category":0,"footnotes":""},"categories":[1],"tags":[],"class_list":["post-3028","post","type-post","status-publish","format-standard","has-post-thumbnail","hentry","category-sin-categoria"],"_links":{"self":[{"href":"https:\/\/feimem.web.uah.es\/index.php\/wp-json\/wp\/v2\/posts\/3028","targetHints":{"allow":["GET"]}}],"collection":[{"href":"https:\/\/feimem.web.uah.es\/index.php\/wp-json\/wp\/v2\/posts"}],"about":[{"href":"https:\/\/feimem.web.uah.es\/index.php\/wp-json\/wp\/v2\/types\/post"}],"author":[{"embeddable":true,"href":"https:\/\/feimem.web.uah.es\/index.php\/wp-json\/wp\/v2\/users\/1"}],"replies":[{"embeddable":true,"href":"https:\/\/feimem.web.uah.es\/index.php\/wp-json\/wp\/v2\/comments?post=3028"}],"version-history":[{"count":4,"href":"https:\/\/feimem.web.uah.es\/index.php\/wp-json\/wp\/v2\/posts\/3028\/revisions"}],"predecessor-version":[{"id":3034,"href":"https:\/\/feimem.web.uah.es\/index.php\/wp-json\/wp\/v2\/posts\/3028\/revisions\/3034"}],"wp:featuredmedia":[{"embeddable":true,"href":"https:\/\/feimem.web.uah.es\/index.php\/wp-json\/wp\/v2\/media\/3042"}],"wp:attachment":[{"href":"https:\/\/feimem.web.uah.es\/index.php\/wp-json\/wp\/v2\/media?parent=3028"}],"wp:term":[{"taxonomy":"category","embeddable":true,"href":"https:\/\/feimem.web.uah.es\/index.php\/wp-json\/wp\/v2\/categories?post=3028"},{"taxonomy":"post_tag","embeddable":true,"href":"https:\/\/feimem.web.uah.es\/index.php\/wp-json\/wp\/v2\/tags?post=3028"}],"curies":[{"name":"wp","href":"https:\/\/api.w.org\/{rel}","templated":true}]}}