{"id":3116,"date":"2024-04-09T19:06:30","date_gmt":"2024-04-09T17:06:30","guid":{"rendered":"https:\/\/feimem.web.uah.es\/?p=3116"},"modified":"2025-11-04T18:51:45","modified_gmt":"2025-11-04T17:51:45","slug":"jornada-de-clausura","status":"publish","type":"post","link":"https:\/\/feimem.web.uah.es\/index.php\/2024\/04\/09\/jornada-de-clausura\/","title":{"rendered":"Jornada de Clausura"},"content":{"rendered":"\n<p><strong>Jornada de Clausura: Cierre de FEIMEM<\/strong><\/p>\n\n\n\n<p><\/p>\n\n\n\n<p><\/p>\n\n\n\n<p>Con gran emoci\u00f3n y satisfacci\u00f3n, nos acercamos al cierre de otra exitosa edici\u00f3n de la iniciativa de <strong>Formaci\u00f3n e Investigaci\u00f3n con\/para mujeres migrantes hablantes de lenguas de menor difusi\u00f3n (FEIMEM).<\/strong> Durante este valioso evento, hemos tenido el honor de recibir a renombrados ponentes y de abordar una amplia gama de temas de suma importancia.<\/p>\n\n\n\n<p><\/p>\n\n\n\n<p><\/p>\n\n\n\n<p><\/p>\n\n\n\n<p>Desde los estudios culturales y de g\u00e9nero hasta la vulnerabilidad de las mujeres migrantes, hemos profundizado en diversas \u00e1reas cruciales. Cada actividad ha sido una oportunidad para reconocer la valent\u00eda y la resiliencia de las mujeres migrantes, as\u00ed como para destacar la importancia de la formaci\u00f3n e investigaci\u00f3n en este campo fundamental.<\/p>\n\n\n\n<p><\/p>\n\n\n\n<p><\/p>\n\n\n\n<p>Para concluir de manera significativa esta edici\u00f3n de<strong> FEIMEM<\/strong>, hemos organizado un debate entre investigadoras y representantes de mujeres migrantes. Este encuentro no solo fortalecer\u00e1 los lazos entre la academia y la comunidad migrante, sino que tambi\u00e9n servir\u00e1 como plataforma para amplificar estas voces en la sociedad, especialmente en el corredor del Henares.<\/p>\n\n\n\n<p><\/p>\n\n\n\n<p><\/p>\n\n\n\n<p>Te invitamos cordialmente a unirte a nosotros el pr\u00f3ximo <strong>22 de mayo de 2024<\/strong>, en el <strong>Sal\u00f3n de Actos de Conferencias Internacionales de la Universidad de Alcal\u00e1, a las 12:00 horas<\/strong>.<\/p>\n\n\n\n<p>Ser\u00e1 un momento de reflexi\u00f3n, celebraci\u00f3n y proyecci\u00f3n hacia el futuro de la formaci\u00f3n e investigaci\u00f3n para mujeres migrantes hablantes de lenguas de menor difusi\u00f3n.<\/p>\n\n\n\n<p><\/p>\n\n\n\n<p><\/p>\n\n\n\n<p><\/p>\n\n\n\n<p>Esperamos contar con tu valiosa participaci\u00f3n en esta jornada de cierre de FEIMEM.<\/p>\n\n\n\n<p><\/p>\n\n\n\n<p><\/p>\n\n\n\n<p>\u00a1Nos vemos all\u00ed!<\/p>\n\n\n\n<p>El equipo de FEIMEM<\/p>\n","protected":false},"excerpt":{"rendered":"<p>Jornada de Clausura: Cierre de FEIMEM Con gran emoci\u00f3n y satisfacci\u00f3n, nos acercamos al cierre de otra exitosa edici\u00f3n de la iniciativa de Formaci\u00f3n e Investigaci\u00f3n con\/para mujeres migrantes hablantes de lenguas de menor difusi\u00f3n (FEIMEM). Durante este valioso evento, hemos tenido el honor de recibir a renombrados ponentes y de abordar una amplia gama [&hellip;]<\/p>\n","protected":false},"author":1,"featured_media":3117,"comment_status":"closed","ping_status":"open","sticky":false,"template":"","format":"standard","meta":{"_monsterinsights_skip_tracking":false,"_monsterinsights_sitenote_active":false,"_monsterinsights_sitenote_note":"","_monsterinsights_sitenote_category":0,"footnotes":""},"categories":[1],"tags":[],"class_list":["post-3116","post","type-post","status-publish","format-standard","has-post-thumbnail","hentry","category-sin-categoria"],"_links":{"self":[{"href":"https:\/\/feimem.web.uah.es\/index.php\/wp-json\/wp\/v2\/posts\/3116","targetHints":{"allow":["GET"]}}],"collection":[{"href":"https:\/\/feimem.web.uah.es\/index.php\/wp-json\/wp\/v2\/posts"}],"about":[{"href":"https:\/\/feimem.web.uah.es\/index.php\/wp-json\/wp\/v2\/types\/post"}],"author":[{"embeddable":true,"href":"https:\/\/feimem.web.uah.es\/index.php\/wp-json\/wp\/v2\/users\/1"}],"replies":[{"embeddable":true,"href":"https:\/\/feimem.web.uah.es\/index.php\/wp-json\/wp\/v2\/comments?post=3116"}],"version-history":[{"count":2,"href":"https:\/\/feimem.web.uah.es\/index.php\/wp-json\/wp\/v2\/posts\/3116\/revisions"}],"predecessor-version":[{"id":3124,"href":"https:\/\/feimem.web.uah.es\/index.php\/wp-json\/wp\/v2\/posts\/3116\/revisions\/3124"}],"wp:featuredmedia":[{"embeddable":true,"href":"https:\/\/feimem.web.uah.es\/index.php\/wp-json\/wp\/v2\/media\/3117"}],"wp:attachment":[{"href":"https:\/\/feimem.web.uah.es\/index.php\/wp-json\/wp\/v2\/media?parent=3116"}],"wp:term":[{"taxonomy":"category","embeddable":true,"href":"https:\/\/feimem.web.uah.es\/index.php\/wp-json\/wp\/v2\/categories?post=3116"},{"taxonomy":"post_tag","embeddable":true,"href":"https:\/\/feimem.web.uah.es\/index.php\/wp-json\/wp\/v2\/tags?post=3116"}],"curies":[{"name":"wp","href":"https:\/\/api.w.org\/{rel}","templated":true}]}}